{"id":267,"date":"2024-01-09T15:10:54","date_gmt":"2024-01-09T15:10:54","guid":{"rendered":"https:\/\/ajanossavoz.pt\/?p=267"},"modified":"2024-01-09T15:14:54","modified_gmt":"2024-01-09T15:14:54","slug":"carta-aberta-sobre-a-situacao-dos-professores","status":"publish","type":"post","link":"https:\/\/ajanossavoz.pt\/index.php\/2024\/01\/09\/carta-aberta-sobre-a-situacao-dos-professores\/","title":{"rendered":"Carta Aberta sobre a situa\u00e7\u00e3o dos Professores"},"content":{"rendered":"\n<p class=\"has-text-align-center\"><strong>(na \u00f3tica de um aluno da Quinta do Conde)<\/strong><\/p>\n\n\n\n<p>Na vis\u00e3o de um aluno, existe a necessidade de uma reforma estrutural do sistema de ensino e a valoriza\u00e7\u00e3o da carreira de Professor.<\/p>\n\n\n\n<p>Na vis\u00e3o de um aluno n\u00e3o faz sentido ver os meus professores deslocados das suas fam\u00edlias e casas, ainda por cima com a loucura que est\u00e3o os valores das rendas das casas\/quartos (n\u00e3o faz sentido ter Professores do Porto, aqui na Quinta do Conde, Sesimbra e saber de Professores desta zona a irem para o Porto).<\/p>\n\n\n\n<p>Na vis\u00e3o de um aluno n\u00e3o faz sentido os sal\u00e1rios carecerem de uma premente atualiza\u00e7\u00e3o e manuten\u00e7\u00e3o dessa atualiza\u00e7\u00e3o, pois ser Professor n\u00e3o s\u00e3o s\u00f3 as horas que est\u00e3o connosco, mas todas as horas de prepara\u00e7\u00e3o das aulas, corre\u00e7\u00e3o de trabalhos e testes (gostaria de relembrar que as f\u00e9rias est\u00e3o limitadas \u00e0quele m\u00eas no ver\u00e3o).<\/p>\n\n\n\n<p>Na vis\u00e3o de um aluno n\u00e3o faz sentido as escolas p\u00fablicas estarem em condi\u00e7\u00f5es degradantes (por vezes valorizamos as aulas de canoagem que tivemos por parecem realmente \u00fateis nos dias de chuva, pois a escola parece o nosso mar de Sesimbra).<\/p>\n\n\n\n<p>Na vis\u00e3o de um aluno n\u00e3o faz sentido que as mat\u00e9rias e m\u00e9todos de ensino n\u00e3o tenham uma atualiza\u00e7\u00e3o, o sistema de exames ser retr\u00f3grado e o sistema de educa\u00e7\u00e3o \u201cobrigar\u201d os alunos (pais) a pagar explica\u00e7\u00f5es.<\/p>\n\n\n\n<p>Na vis\u00e3o de um aluno n\u00e3o faz sentido passarmos grande parte do tempo livre a estudar (para compensar defici\u00eancias do sistema de ensino) o que por vezes d\u00e1 origem a dist\u00farbios psicol\u00f3gicos e o n\u00e3o aproveitando desse tempo para projetos de voluntariado, desporto ou passar tempo com os amigos.<\/p>\n\n\n\n<p>Na vis\u00e3o de um aluno n\u00e3o faz sentido sentir que a educa\u00e7\u00e3o n\u00e3o \u00e9 valorizada por ver gera\u00e7\u00f5es a lutar por uma Escola Secund\u00e1ria na Quinta do Conde, onde o pr\u00f3prio Governo reconhece que essa escola faz falta e n\u00e3o a construir.<\/p>\n\n\n\n<p>Na vis\u00e3o de um aluno a educa\u00e7\u00e3o \u00e9 um pilar de uma sociedade mais informada, inclusiva e participativa e por isso merece o apoio e valoriza\u00e7\u00e3o por parte de Todos!<\/p>\n\n\n\n<p class=\"has-text-align-right\">Um aluno<\/p>\n\n\n\n<p class=\"has-text-align-right\">Embaixador da Educa\u00e7\u00e3o<\/p>\n\n\n\n<figure class=\"wp-block-image alignfull size-large\"><img fetchpriority=\"high\" decoding=\"async\" width=\"1024\" height=\"576\" src=\"https:\/\/ajanossavoz.pt\/wp-content\/uploads\/2024\/01\/2-2-1024x576.png\" alt=\"\" class=\"wp-image-259\" srcset=\"https:\/\/ajanossavoz.pt\/wp-content\/uploads\/2024\/01\/2-2-1024x576.png 1024w, https:\/\/ajanossavoz.pt\/wp-content\/uploads\/2024\/01\/2-2-300x169.png 300w, https:\/\/ajanossavoz.pt\/wp-content\/uploads\/2024\/01\/2-2-768x432.png 768w, https:\/\/ajanossavoz.pt\/wp-content\/uploads\/2024\/01\/2-2-1536x864.png 1536w, https:\/\/ajanossavoz.pt\/wp-content\/uploads\/2024\/01\/2-2-1568x882.png 1568w, https:\/\/ajanossavoz.pt\/wp-content\/uploads\/2024\/01\/2-2.png 1920w\" sizes=\"(max-width: 1024px) 100vw, 1024px\" \/><\/figure>\n","protected":false},"excerpt":{"rendered":"<p>(na \u00f3tica de um aluno da Quinta do Conde) Na vis\u00e3o de um aluno, existe a necessidade de uma reforma estrutural do sistema de ensino e a valoriza\u00e7\u00e3o da carreira de Professor. Na vis\u00e3o de um aluno n\u00e3o faz sentido ver os meus professores deslocados das suas fam\u00edlias e casas, ainda por cima com a [&hellip;]<\/p>\n","protected":false},"author":1,"featured_media":260,"comment_status":"open","ping_status":"closed","sticky":false,"template":"","format":"standard","meta":{"_bbp_topic_count":0,"_bbp_reply_count":0,"_bbp_total_topic_count":0,"_bbp_total_reply_count":0,"_bbp_voice_count":0,"_bbp_anonymous_reply_count":0,"_bbp_topic_count_hidden":0,"_bbp_reply_count_hidden":0,"_bbp_forum_subforum_count":0,"_editorskit_title_hidden":false,"_editorskit_reading_time":0,"_editorskit_is_block_options_detached":false,"_editorskit_block_options_position":"{}","_eb_attr":"","footnotes":""},"categories":[11],"tags":[16,22,20,23,21],"class_list":["post-267","post","type-post","status-publish","format-standard","has-post-thumbnail","hentry","category-sem-categoria-pt","tag-associacao-juvenil-a-nossa-voz","tag-educacao","tag-professores","tag-reforma","tag-visao-de-um-aluno"],"yoast_head":"<!-- This site is optimized with the Yoast SEO plugin v26.6 - https:\/\/yoast.com\/wordpress\/plugins\/seo\/ -->\n<title>Carta Aberta sobre a situa\u00e7\u00e3o dos Professores - Associa\u00e7\u00e3o Juvenil A Nossa Voz<\/title>\n<meta name=\"description\" content=\"Na vis\u00e3o de um aluno, existe a necessidade de uma reforma estrutural do sistema de ensino e a valoriza\u00e7\u00e3o da carreira de Professor.\" \/>\n<meta name=\"robots\" content=\"index, follow, max-snippet:-1, max-image-preview:large, max-video-preview:-1\" \/>\n<link rel=\"canonical\" href=\"https:\/\/ajanossavoz.pt\/index.php\/2024\/01\/09\/carta-aberta-sobre-a-situacao-dos-professores\/\" \/>\n<meta property=\"og:locale\" content=\"pt_PT\" \/>\n<meta property=\"og:type\" content=\"article\" \/>\n<meta property=\"og:title\" content=\"Carta Aberta sobre a situa\u00e7\u00e3o dos Professores - Associa\u00e7\u00e3o Juvenil A Nossa Voz\" \/>\n<meta property=\"og:description\" content=\"Na vis\u00e3o de um aluno, existe a necessidade de uma reforma estrutural do sistema de ensino e a valoriza\u00e7\u00e3o da carreira de Professor.\" \/>\n<meta property=\"og:url\" content=\"https:\/\/ajanossavoz.pt\/index.php\/2024\/01\/09\/carta-aberta-sobre-a-situacao-dos-professores\/\" \/>\n<meta property=\"og:site_name\" content=\"Associa\u00e7\u00e3o Juvenil A Nossa Voz\" \/>\n<meta property=\"article:publisher\" content=\"https:\/\/www.facebook.com\/profile.php?id=100089819282874\" \/>\n<meta property=\"article:author\" content=\"https:\/\/www.facebook.com\/profile.php?id=100089819282874\" \/>\n<meta property=\"article:published_time\" content=\"2024-01-09T15:10:54+00:00\" \/>\n<meta property=\"article:modified_time\" content=\"2024-01-09T15:14:54+00:00\" \/>\n<meta property=\"og:image\" content=\"https:\/\/ajanossavoz.pt\/wp-content\/uploads\/2024\/01\/1-1.png\" \/>\n\t<meta property=\"og:image:width\" content=\"1920\" \/>\n\t<meta property=\"og:image:height\" content=\"1080\" \/>\n\t<meta property=\"og:image:type\" content=\"image\/png\" \/>\n<meta name=\"author\" content=\"Associa\u00e7\u00e3o Juvenil A Nossa Voz\" \/>\n<meta name=\"twitter:card\" content=\"summary_large_image\" \/>\n<meta name=\"twitter:label1\" content=\"Escrito por\" \/>\n\t<meta name=\"twitter:data1\" content=\"Associa\u00e7\u00e3o Juvenil A Nossa Voz\" \/>\n\t<meta name=\"twitter:label2\" content=\"Tempo estimado de leitura\" \/>\n\t<meta name=\"twitter:data2\" content=\"3 minutos\" \/>\n<script type=\"application\/ld+json\" class=\"yoast-schema-graph\">{\"@context\":\"https:\/\/schema.org\",\"@graph\":[{\"@type\":\"Article\",\"@id\":\"https:\/\/ajanossavoz.pt\/index.php\/2024\/01\/09\/carta-aberta-sobre-a-situacao-dos-professores\/#article\",\"isPartOf\":{\"@id\":\"https:\/\/ajanossavoz.pt\/index.php\/2024\/01\/09\/carta-aberta-sobre-a-situacao-dos-professores\/\"},\"author\":{\"name\":\"Associa\u00e7\u00e3o Juvenil A Nossa Voz\",\"@id\":\"https:\/\/ajanossavoz.pt\/#\/schema\/person\/8d96b340ac6d5c62a2b60f5c108ff5a7\"},\"headline\":\"Carta Aberta sobre a situa\u00e7\u00e3o dos Professores\",\"datePublished\":\"2024-01-09T15:10:54+00:00\",\"dateModified\":\"2024-01-09T15:14:54+00:00\",\"mainEntityOfPage\":{\"@id\":\"https:\/\/ajanossavoz.pt\/index.php\/2024\/01\/09\/carta-aberta-sobre-a-situacao-dos-professores\/\"},\"wordCount\":407,\"commentCount\":0,\"publisher\":{\"@id\":\"https:\/\/ajanossavoz.pt\/#organization\"},\"image\":{\"@id\":\"https:\/\/ajanossavoz.pt\/index.php\/2024\/01\/09\/carta-aberta-sobre-a-situacao-dos-professores\/#primaryimage\"},\"thumbnailUrl\":\"https:\/\/ajanossavoz.pt\/wp-content\/uploads\/2024\/01\/1-1.png\",\"keywords\":[\"Associa\u00e7\u00e3o Juvenil A Nossa Voz\",\"educa\u00e7\u00e3o\",\"professores\",\"reforma\",\"vis\u00e3o de um aluno\"],\"inLanguage\":\"pt-PT\",\"potentialAction\":[{\"@type\":\"CommentAction\",\"name\":\"Comment\",\"target\":[\"https:\/\/ajanossavoz.pt\/index.php\/2024\/01\/09\/carta-aberta-sobre-a-situacao-dos-professores\/#respond\"]}]},{\"@type\":\"WebPage\",\"@id\":\"https:\/\/ajanossavoz.pt\/index.php\/2024\/01\/09\/carta-aberta-sobre-a-situacao-dos-professores\/\",\"url\":\"https:\/\/ajanossavoz.pt\/index.php\/2024\/01\/09\/carta-aberta-sobre-a-situacao-dos-professores\/\",\"name\":\"Carta Aberta sobre a situa\u00e7\u00e3o dos Professores - Associa\u00e7\u00e3o Juvenil A Nossa Voz\",\"isPartOf\":{\"@id\":\"https:\/\/ajanossavoz.pt\/#website\"},\"primaryImageOfPage\":{\"@id\":\"https:\/\/ajanossavoz.pt\/index.php\/2024\/01\/09\/carta-aberta-sobre-a-situacao-dos-professores\/#primaryimage\"},\"image\":{\"@id\":\"https:\/\/ajanossavoz.pt\/index.php\/2024\/01\/09\/carta-aberta-sobre-a-situacao-dos-professores\/#primaryimage\"},\"thumbnailUrl\":\"https:\/\/ajanossavoz.pt\/wp-content\/uploads\/2024\/01\/1-1.png\",\"datePublished\":\"2024-01-09T15:10:54+00:00\",\"dateModified\":\"2024-01-09T15:14:54+00:00\",\"description\":\"Na vis\u00e3o de um aluno, existe a necessidade de uma reforma estrutural do sistema de ensino e a valoriza\u00e7\u00e3o da carreira de Professor.\",\"breadcrumb\":{\"@id\":\"https:\/\/ajanossavoz.pt\/index.php\/2024\/01\/09\/carta-aberta-sobre-a-situacao-dos-professores\/#breadcrumb\"},\"inLanguage\":\"pt-PT\",\"potentialAction\":[{\"@type\":\"ReadAction\",\"target\":[\"https:\/\/ajanossavoz.pt\/index.php\/2024\/01\/09\/carta-aberta-sobre-a-situacao-dos-professores\/\"]}]},{\"@type\":\"ImageObject\",\"inLanguage\":\"pt-PT\",\"@id\":\"https:\/\/ajanossavoz.pt\/index.php\/2024\/01\/09\/carta-aberta-sobre-a-situacao-dos-professores\/#primaryimage\",\"url\":\"https:\/\/ajanossavoz.pt\/wp-content\/uploads\/2024\/01\/1-1.png\",\"contentUrl\":\"https:\/\/ajanossavoz.pt\/wp-content\/uploads\/2024\/01\/1-1.png\",\"width\":1920,\"height\":1080},{\"@type\":\"BreadcrumbList\",\"@id\":\"https:\/\/ajanossavoz.pt\/index.php\/2024\/01\/09\/carta-aberta-sobre-a-situacao-dos-professores\/#breadcrumb\",\"itemListElement\":[{\"@type\":\"ListItem\",\"position\":1,\"name\":\"In\u00edcio\",\"item\":\"https:\/\/ajanossavoz.pt\/\"},{\"@type\":\"ListItem\",\"position\":2,\"name\":\"Carta Aberta sobre a situa\u00e7\u00e3o dos Professores\"}]},{\"@type\":\"WebSite\",\"@id\":\"https:\/\/ajanossavoz.pt\/#website\",\"url\":\"https:\/\/ajanossavoz.pt\/\",\"name\":\"Associa\u00e7\u00e3o Juvenil A Nossa Voz\",\"description\":\"Sobre n\u00f3s: Somos uma associa\u00e7\u00e3o juvenil, sediada na Quinta do Conde, fundada a 26 de dezembro de 2022. O nosso objetivo \u00e9 que os jovens participem na comunidade.\",\"publisher\":{\"@id\":\"https:\/\/ajanossavoz.pt\/#organization\"},\"alternateName\":\"A Nossa Voz\",\"potentialAction\":[{\"@type\":\"SearchAction\",\"target\":{\"@type\":\"EntryPoint\",\"urlTemplate\":\"https:\/\/ajanossavoz.pt\/?s={search_term_string}\"},\"query-input\":{\"@type\":\"PropertyValueSpecification\",\"valueRequired\":true,\"valueName\":\"search_term_string\"}}],\"inLanguage\":\"pt-PT\"},{\"@type\":\"Organization\",\"@id\":\"https:\/\/ajanossavoz.pt\/#organization\",\"name\":\"Associa\u00e7\u00e3o Juvenil A Nossa Voz\",\"alternateName\":\"A Nossa Voz\",\"url\":\"https:\/\/ajanossavoz.pt\/\",\"logo\":{\"@type\":\"ImageObject\",\"inLanguage\":\"pt-PT\",\"@id\":\"https:\/\/ajanossavoz.pt\/#\/schema\/logo\/image\/\",\"url\":\"https:\/\/ajanossavoz.pt\/wp-content\/uploads\/2024\/01\/cropped-A-Nossa-Voz-2-1-1.png\",\"contentUrl\":\"https:\/\/ajanossavoz.pt\/wp-content\/uploads\/2024\/01\/cropped-A-Nossa-Voz-2-1-1.png\",\"width\":499,\"height\":479,\"caption\":\"Associa\u00e7\u00e3o Juvenil A Nossa Voz\"},\"image\":{\"@id\":\"https:\/\/ajanossavoz.pt\/#\/schema\/logo\/image\/\"},\"sameAs\":[\"https:\/\/www.facebook.com\/profile.php?id=100089819282874\",\"https:\/\/www.instagram.com\/aj.anossavoz\/\"]},{\"@type\":\"Person\",\"@id\":\"https:\/\/ajanossavoz.pt\/#\/schema\/person\/8d96b340ac6d5c62a2b60f5c108ff5a7\",\"name\":\"Associa\u00e7\u00e3o Juvenil A Nossa Voz\",\"image\":{\"@type\":\"ImageObject\",\"inLanguage\":\"pt-PT\",\"@id\":\"https:\/\/ajanossavoz.pt\/#\/schema\/person\/image\/\",\"url\":\"https:\/\/secure.gravatar.com\/avatar\/b91ebc28af25eceb1e8144811545fcc3eed6a140a26d4e8b35f1efe20e7ceda4?s=96&d=mm&r=g\",\"contentUrl\":\"https:\/\/secure.gravatar.com\/avatar\/b91ebc28af25eceb1e8144811545fcc3eed6a140a26d4e8b35f1efe20e7ceda4?s=96&d=mm&r=g\",\"caption\":\"Associa\u00e7\u00e3o Juvenil A Nossa Voz\"},\"sameAs\":[\"https:\/\/ajanossavoz.pt\",\"https:\/\/www.facebook.com\/profile.php?id=100089819282874\",\"https:\/\/www.instagram.com\/aj.anossavoz\/\",\"https:\/\/www.linkedin.com\/in\/a-nossa-voz-associao-juvenil-825a8a2a8\/\"],\"url\":\"https:\/\/ajanossavoz.pt\/index.php\/author\/ajanoss3\/\"}]}<\/script>\n<!-- \/ Yoast SEO plugin. -->","yoast_head_json":{"title":"Carta Aberta sobre a situa\u00e7\u00e3o dos Professores - Associa\u00e7\u00e3o Juvenil A Nossa Voz","description":"Na vis\u00e3o de um aluno, existe a necessidade de uma reforma estrutural do sistema de ensino e a valoriza\u00e7\u00e3o da carreira de Professor.","robots":{"index":"index","follow":"follow","max-snippet":"max-snippet:-1","max-image-preview":"max-image-preview:large","max-video-preview":"max-video-preview:-1"},"canonical":"https:\/\/ajanossavoz.pt\/index.php\/2024\/01\/09\/carta-aberta-sobre-a-situacao-dos-professores\/","og_locale":"pt_PT","og_type":"article","og_title":"Carta Aberta sobre a situa\u00e7\u00e3o dos Professores - Associa\u00e7\u00e3o Juvenil A Nossa Voz","og_description":"Na vis\u00e3o de um aluno, existe a necessidade de uma reforma estrutural do sistema de ensino e a valoriza\u00e7\u00e3o da carreira de Professor.","og_url":"https:\/\/ajanossavoz.pt\/index.php\/2024\/01\/09\/carta-aberta-sobre-a-situacao-dos-professores\/","og_site_name":"Associa\u00e7\u00e3o Juvenil A Nossa Voz","article_publisher":"https:\/\/www.facebook.com\/profile.php?id=100089819282874","article_author":"https:\/\/www.facebook.com\/profile.php?id=100089819282874","article_published_time":"2024-01-09T15:10:54+00:00","article_modified_time":"2024-01-09T15:14:54+00:00","og_image":[{"width":1920,"height":1080,"url":"https:\/\/ajanossavoz.pt\/wp-content\/uploads\/2024\/01\/1-1.png","type":"image\/png"}],"author":"Associa\u00e7\u00e3o Juvenil A Nossa Voz","twitter_card":"summary_large_image","twitter_misc":{"Escrito por":"Associa\u00e7\u00e3o Juvenil A Nossa Voz","Tempo estimado de leitura":"3 minutos"},"schema":{"@context":"https:\/\/schema.org","@graph":[{"@type":"Article","@id":"https:\/\/ajanossavoz.pt\/index.php\/2024\/01\/09\/carta-aberta-sobre-a-situacao-dos-professores\/#article","isPartOf":{"@id":"https:\/\/ajanossavoz.pt\/index.php\/2024\/01\/09\/carta-aberta-sobre-a-situacao-dos-professores\/"},"author":{"name":"Associa\u00e7\u00e3o Juvenil A Nossa Voz","@id":"https:\/\/ajanossavoz.pt\/#\/schema\/person\/8d96b340ac6d5c62a2b60f5c108ff5a7"},"headline":"Carta Aberta sobre a situa\u00e7\u00e3o dos Professores","datePublished":"2024-01-09T15:10:54+00:00","dateModified":"2024-01-09T15:14:54+00:00","mainEntityOfPage":{"@id":"https:\/\/ajanossavoz.pt\/index.php\/2024\/01\/09\/carta-aberta-sobre-a-situacao-dos-professores\/"},"wordCount":407,"commentCount":0,"publisher":{"@id":"https:\/\/ajanossavoz.pt\/#organization"},"image":{"@id":"https:\/\/ajanossavoz.pt\/index.php\/2024\/01\/09\/carta-aberta-sobre-a-situacao-dos-professores\/#primaryimage"},"thumbnailUrl":"https:\/\/ajanossavoz.pt\/wp-content\/uploads\/2024\/01\/1-1.png","keywords":["Associa\u00e7\u00e3o Juvenil A Nossa Voz","educa\u00e7\u00e3o","professores","reforma","vis\u00e3o de um aluno"],"inLanguage":"pt-PT","potentialAction":[{"@type":"CommentAction","name":"Comment","target":["https:\/\/ajanossavoz.pt\/index.php\/2024\/01\/09\/carta-aberta-sobre-a-situacao-dos-professores\/#respond"]}]},{"@type":"WebPage","@id":"https:\/\/ajanossavoz.pt\/index.php\/2024\/01\/09\/carta-aberta-sobre-a-situacao-dos-professores\/","url":"https:\/\/ajanossavoz.pt\/index.php\/2024\/01\/09\/carta-aberta-sobre-a-situacao-dos-professores\/","name":"Carta Aberta sobre a situa\u00e7\u00e3o dos Professores - Associa\u00e7\u00e3o Juvenil A Nossa Voz","isPartOf":{"@id":"https:\/\/ajanossavoz.pt\/#website"},"primaryImageOfPage":{"@id":"https:\/\/ajanossavoz.pt\/index.php\/2024\/01\/09\/carta-aberta-sobre-a-situacao-dos-professores\/#primaryimage"},"image":{"@id":"https:\/\/ajanossavoz.pt\/index.php\/2024\/01\/09\/carta-aberta-sobre-a-situacao-dos-professores\/#primaryimage"},"thumbnailUrl":"https:\/\/ajanossavoz.pt\/wp-content\/uploads\/2024\/01\/1-1.png","datePublished":"2024-01-09T15:10:54+00:00","dateModified":"2024-01-09T15:14:54+00:00","description":"Na vis\u00e3o de um aluno, existe a necessidade de uma reforma estrutural do sistema de ensino e a valoriza\u00e7\u00e3o da carreira de Professor.","breadcrumb":{"@id":"https:\/\/ajanossavoz.pt\/index.php\/2024\/01\/09\/carta-aberta-sobre-a-situacao-dos-professores\/#breadcrumb"},"inLanguage":"pt-PT","potentialAction":[{"@type":"ReadAction","target":["https:\/\/ajanossavoz.pt\/index.php\/2024\/01\/09\/carta-aberta-sobre-a-situacao-dos-professores\/"]}]},{"@type":"ImageObject","inLanguage":"pt-PT","@id":"https:\/\/ajanossavoz.pt\/index.php\/2024\/01\/09\/carta-aberta-sobre-a-situacao-dos-professores\/#primaryimage","url":"https:\/\/ajanossavoz.pt\/wp-content\/uploads\/2024\/01\/1-1.png","contentUrl":"https:\/\/ajanossavoz.pt\/wp-content\/uploads\/2024\/01\/1-1.png","width":1920,"height":1080},{"@type":"BreadcrumbList","@id":"https:\/\/ajanossavoz.pt\/index.php\/2024\/01\/09\/carta-aberta-sobre-a-situacao-dos-professores\/#breadcrumb","itemListElement":[{"@type":"ListItem","position":1,"name":"In\u00edcio","item":"https:\/\/ajanossavoz.pt\/"},{"@type":"ListItem","position":2,"name":"Carta Aberta sobre a situa\u00e7\u00e3o dos Professores"}]},{"@type":"WebSite","@id":"https:\/\/ajanossavoz.pt\/#website","url":"https:\/\/ajanossavoz.pt\/","name":"Associa\u00e7\u00e3o Juvenil A Nossa Voz","description":"Sobre n\u00f3s: Somos uma associa\u00e7\u00e3o juvenil, sediada na Quinta do Conde, fundada a 26 de dezembro de 2022. O nosso objetivo \u00e9 que os jovens participem na comunidade.","publisher":{"@id":"https:\/\/ajanossavoz.pt\/#organization"},"alternateName":"A Nossa Voz","potentialAction":[{"@type":"SearchAction","target":{"@type":"EntryPoint","urlTemplate":"https:\/\/ajanossavoz.pt\/?s={search_term_string}"},"query-input":{"@type":"PropertyValueSpecification","valueRequired":true,"valueName":"search_term_string"}}],"inLanguage":"pt-PT"},{"@type":"Organization","@id":"https:\/\/ajanossavoz.pt\/#organization","name":"Associa\u00e7\u00e3o Juvenil A Nossa Voz","alternateName":"A Nossa Voz","url":"https:\/\/ajanossavoz.pt\/","logo":{"@type":"ImageObject","inLanguage":"pt-PT","@id":"https:\/\/ajanossavoz.pt\/#\/schema\/logo\/image\/","url":"https:\/\/ajanossavoz.pt\/wp-content\/uploads\/2024\/01\/cropped-A-Nossa-Voz-2-1-1.png","contentUrl":"https:\/\/ajanossavoz.pt\/wp-content\/uploads\/2024\/01\/cropped-A-Nossa-Voz-2-1-1.png","width":499,"height":479,"caption":"Associa\u00e7\u00e3o Juvenil A Nossa Voz"},"image":{"@id":"https:\/\/ajanossavoz.pt\/#\/schema\/logo\/image\/"},"sameAs":["https:\/\/www.facebook.com\/profile.php?id=100089819282874","https:\/\/www.instagram.com\/aj.anossavoz\/"]},{"@type":"Person","@id":"https:\/\/ajanossavoz.pt\/#\/schema\/person\/8d96b340ac6d5c62a2b60f5c108ff5a7","name":"Associa\u00e7\u00e3o Juvenil A Nossa Voz","image":{"@type":"ImageObject","inLanguage":"pt-PT","@id":"https:\/\/ajanossavoz.pt\/#\/schema\/person\/image\/","url":"https:\/\/secure.gravatar.com\/avatar\/b91ebc28af25eceb1e8144811545fcc3eed6a140a26d4e8b35f1efe20e7ceda4?s=96&d=mm&r=g","contentUrl":"https:\/\/secure.gravatar.com\/avatar\/b91ebc28af25eceb1e8144811545fcc3eed6a140a26d4e8b35f1efe20e7ceda4?s=96&d=mm&r=g","caption":"Associa\u00e7\u00e3o Juvenil A Nossa Voz"},"sameAs":["https:\/\/ajanossavoz.pt","https:\/\/www.facebook.com\/profile.php?id=100089819282874","https:\/\/www.instagram.com\/aj.anossavoz\/","https:\/\/www.linkedin.com\/in\/a-nossa-voz-associao-juvenil-825a8a2a8\/"],"url":"https:\/\/ajanossavoz.pt\/index.php\/author\/ajanoss3\/"}]}},"_links":{"self":[{"href":"https:\/\/ajanossavoz.pt\/index.php\/wp-json\/wp\/v2\/posts\/267","targetHints":{"allow":["GET"]}}],"collection":[{"href":"https:\/\/ajanossavoz.pt\/index.php\/wp-json\/wp\/v2\/posts"}],"about":[{"href":"https:\/\/ajanossavoz.pt\/index.php\/wp-json\/wp\/v2\/types\/post"}],"author":[{"embeddable":true,"href":"https:\/\/ajanossavoz.pt\/index.php\/wp-json\/wp\/v2\/users\/1"}],"replies":[{"embeddable":true,"href":"https:\/\/ajanossavoz.pt\/index.php\/wp-json\/wp\/v2\/comments?post=267"}],"version-history":[{"count":3,"href":"https:\/\/ajanossavoz.pt\/index.php\/wp-json\/wp\/v2\/posts\/267\/revisions"}],"predecessor-version":[{"id":592,"href":"https:\/\/ajanossavoz.pt\/index.php\/wp-json\/wp\/v2\/posts\/267\/revisions\/592"}],"wp:featuredmedia":[{"embeddable":true,"href":"https:\/\/ajanossavoz.pt\/index.php\/wp-json\/wp\/v2\/media\/260"}],"wp:attachment":[{"href":"https:\/\/ajanossavoz.pt\/index.php\/wp-json\/wp\/v2\/media?parent=267"}],"wp:term":[{"taxonomy":"category","embeddable":true,"href":"https:\/\/ajanossavoz.pt\/index.php\/wp-json\/wp\/v2\/categories?post=267"},{"taxonomy":"post_tag","embeddable":true,"href":"https:\/\/ajanossavoz.pt\/index.php\/wp-json\/wp\/v2\/tags?post=267"}],"curies":[{"name":"wp","href":"https:\/\/api.w.org\/{rel}","templated":true}]}}